{"id":5556,"date":"2015-12-31T17:43:23","date_gmt":"2015-12-31T16:43:23","guid":{"rendered":"http:\/\/www.scennerich.de\/?p=5556"},"modified":"2015-12-31T17:43:23","modified_gmt":"2015-12-31T16:43:23","slug":"winterwanderung-alte-herren-2","status":"publish","type":"post","link":"https:\/\/www.scennerich.de\/?p=5556","title":{"rendered":"Winterwanderung &#8211; Alte Herren"},"content":{"rendered":"<p>Am Montag den 28.12. haben sich die Alten Herren wie immer bei Michi Lenk getroffen (vielen Dank Michi) um anschlie\u00dfend \u00fcber Dehrn nach Steeden zu wandern. Die Beteiligung zum Wandern war eher d\u00fcrftig&#8230;&#8230;.vielleicht werden es ja im n\u00e4chsten Jahr etwas mehr.<br \/>\nIn Steeden wurde dann mit viel Spa\u00df zwei Stunden gekegelt und anschlie\u00dfend beim gem\u00fctlichen Beisammensein noch gut gegessen.<br \/>\nIch m\u00f6chte euch Allen einen guten Rutsch und ein gesundes Neues Jahr w\u00fcnschen und hoffe, dass wir uns alle gesund und munter wiedersehen.<\/p>\n<p>Gru\u00df Hans<\/p>\n<p><a href=\"https:\/\/www.scennerich.de\/wp-content\/uploads\/IMG_1968-klein.jpg\"><img loading=\"lazy\" class=\" size-medium wp-image-5557 alignleft\" src=\"https:\/\/www.scennerich.de\/wp-content\/uploads\/IMG_1968-klein-300x200.jpg\" alt=\"IMG_1968-klein\" width=\"300\" height=\"200\" srcset=\"https:\/\/www.scennerich.de\/wp-content\/uploads\/IMG_1968-klein-300x200.jpg 300w, https:\/\/www.scennerich.de\/wp-content\/uploads\/IMG_1968-klein.jpg 600w\" sizes=\"(max-width: 300px) 100vw, 300px\" \/><\/a> <a href=\"https:\/\/www.scennerich.de\/wp-content\/uploads\/IMG_1981-klein.jpg\"><img loading=\"lazy\" class=\" size-medium wp-image-5558 alignnone\" src=\"https:\/\/www.scennerich.de\/wp-content\/uploads\/IMG_1981-klein-300x200.jpg\" alt=\"IMG_1981-klein\" width=\"300\" height=\"200\" srcset=\"https:\/\/www.scennerich.de\/wp-content\/uploads\/IMG_1981-klein-300x200.jpg 300w, https:\/\/www.scennerich.de\/wp-content\/uploads\/IMG_1981-klein.jpg 600w\" sizes=\"(max-width: 300px) 100vw, 300px\" \/><\/a> <a href=\"https:\/\/www.scennerich.de\/wp-content\/uploads\/IMG_1983-klein1.jpg\"><img loading=\"lazy\" class=\" size-medium wp-image-5559 alignleft\" src=\"https:\/\/www.scennerich.de\/wp-content\/uploads\/IMG_1983-klein1-300x200.jpg\" alt=\"IMG_1983-klein\" width=\"300\" height=\"200\" srcset=\"https:\/\/www.scennerich.de\/wp-content\/uploads\/IMG_1983-klein1-300x200.jpg 300w, https:\/\/www.scennerich.de\/wp-content\/uploads\/IMG_1983-klein1.jpg 600w\" sizes=\"(max-width: 300px) 100vw, 300px\" \/><\/a> <a href=\"https:\/\/www.scennerich.de\/wp-content\/uploads\/IMG_1984-klein.jpg\"><img loading=\"lazy\" class=\" size-medium wp-image-5560 alignnone\" src=\"https:\/\/www.scennerich.de\/wp-content\/uploads\/IMG_1984-klein-300x200.jpg\" alt=\"IMG_1984-klein\" width=\"300\" height=\"200\" srcset=\"https:\/\/www.scennerich.de\/wp-content\/uploads\/IMG_1984-klein-300x200.jpg 300w, https:\/\/www.scennerich.de\/wp-content\/uploads\/IMG_1984-klein.jpg 600w\" sizes=\"(max-width: 300px) 100vw, 300px\" \/><\/a> <a href=\"https:\/\/www.scennerich.de\/wp-content\/uploads\/IMG_1985-klein.jpg\"><img loading=\"lazy\" class=\"aligncenter size-medium wp-image-5561\" src=\"https:\/\/www.scennerich.de\/wp-content\/uploads\/IMG_1985-klein-300x200.jpg\" alt=\"IMG_1985-klein\" width=\"300\" height=\"200\" srcset=\"https:\/\/www.scennerich.de\/wp-content\/uploads\/IMG_1985-klein-300x200.jpg 300w, https:\/\/www.scennerich.de\/wp-content\/uploads\/IMG_1985-klein.jpg 600w\" sizes=\"(max-width: 300px) 100vw, 300px\" \/><\/a><\/p>\n","protected":false},"excerpt":{"rendered":"<p>Am Montag den 28.12. haben sich die Alten Herren wie immer bei Michi Lenk getroffen (vielen Dank Michi) um anschlie\u00dfend \u00fcber Dehrn nach Steeden zu<\/p>\n","protected":false},"author":12,"featured_media":0,"comment_status":"closed","ping_status":"closed","sticky":false,"template":"","format":"standard","meta":[],"categories":[5],"tags":[],"_links":{"self":[{"href":"https:\/\/www.scennerich.de\/index.php?rest_route=\/wp\/v2\/posts\/5556"}],"collection":[{"href":"https:\/\/www.scennerich.de\/index.php?rest_route=\/wp\/v2\/posts"}],"about":[{"href":"https:\/\/www.scennerich.de\/index.php?rest_route=\/wp\/v2\/types\/post"}],"author":[{"embeddable":true,"href":"https:\/\/www.scennerich.de\/index.php?rest_route=\/wp\/v2\/users\/12"}],"replies":[{"embeddable":true,"href":"https:\/\/www.scennerich.de\/index.php?rest_route=%2Fwp%2Fv2%2Fcomments&post=5556"}],"version-history":[{"count":1,"href":"https:\/\/www.scennerich.de\/index.php?rest_route=\/wp\/v2\/posts\/5556\/revisions"}],"predecessor-version":[{"id":5562,"href":"https:\/\/www.scennerich.de\/index.php?rest_route=\/wp\/v2\/posts\/5556\/revisions\/5562"}],"wp:attachment":[{"href":"https:\/\/www.scennerich.de\/index.php?rest_route=%2Fwp%2Fv2%2Fmedia&parent=5556"}],"wp:term":[{"taxonomy":"category","embeddable":true,"href":"https:\/\/www.scennerich.de\/index.php?rest_route=%2Fwp%2Fv2%2Fcategories&post=5556"},{"taxonomy":"post_tag","embeddable":true,"href":"https:\/\/www.scennerich.de\/index.php?rest_route=%2Fwp%2Fv2%2Ftags&post=5556"}],"curies":[{"name":"wp","href":"https:\/\/api.w.org\/{rel}","templated":true}]}}