{"id":5771,"date":"2016-05-31T22:24:50","date_gmt":"2016-05-31T21:24:50","guid":{"rendered":"http:\/\/www.scennerich.de\/?p=5771"},"modified":"2016-05-31T22:24:50","modified_gmt":"2016-05-31T21:24:50","slug":"verabschiedung-von-bjoern-bludau-2","status":"publish","type":"post","link":"https:\/\/www.scennerich.de\/?p=5771","title":{"rendered":"Verabschiedung von Bj\u00f6rn Bludau"},"content":{"rendered":"<p>Nach dem letzten Saisonheimspiel gegen den FC Rubin Limburg-Weilburg wurde Bj\u00f6rn Bludau verabschiedet.<\/p>\n<p>Bj\u00f6rn spielt seit der B-Jugend &#8211; mit Ausnahme von eineinhalb Jahren beim TuS Linter bzw. beim SV Nauheim &#8211; f\u00fcr den SCE und war unser\u00a0Mr. Zuverl\u00e4ssig. Seine Trainer sch\u00e4tzten ihn als polyvalenten Spieler und so kam er in seiner Karriere auf nahezu allen Positionen zum Einsatz. Nur die Torwarthandschuhe gingen an ihm vor\u00fcber.<\/p>\n<p>&nbsp;<br \/>\nBj\u00f6rn\u00a0stand auch in schwierigen Jahren\u00a0seinen Mann beim SCE\u00a0und\u00a0hat \u00fcber 4 Jahre erfolgreiche Vorstandsarbeit\u00a0geleistet. Was als\u00a0Spielausschussvorsitzender begann endete sp\u00e4ter mit dem Posten als Stellvertreter des Abteilungsleiters\u00a0der Abteilung Fu\u00dfball. In diesen Funktionen war er ma\u00dfgeblich am Erfolg der Abteilung Fu\u00dfball beteiligt.<\/p>\n<p>&nbsp;<br \/>\nDa es bei ihm nun auch immer h\u00e4ufiger \u201ezwickt\u201c\u00a0 und auch er auf seinen K\u00f6rper h\u00f6ren sollte, wird\u00a0er seine aktive Fu\u00dfballkarriere bei den Senioren beenden. Dass er in naher Zukunft die Firma seiner Eltern \u00fcbernehmen wird, hat bei dieser Entscheidung ziemlich sicher auch eine gro\u00dfe Rolle gespielt.<\/p>\n<p>Als \u201eBonus\u201c bekommt\u00a0er jetzt noch drei (hoffentlich erfolgreiche) Spiele in der Relegation und wir hoffen, ihn danach in K\u00fcrze bei den Alten Herren wiederzusehen.<\/p>\n<p>&nbsp;<br \/>\nVielen Dank\u00a0f\u00fcr alles, Bj\u00f6rn! Genie\u00df deinen Fu\u00dfballruhestand \ud83d\ude42<\/p>\n<p>&nbsp;<\/p>\n<figure id=\"attachment_5766\" aria-describedby=\"caption-attachment-5766\" style=\"width: 480px\" class=\"wp-caption alignnone\"><a href=\"https:\/\/www.scennerich.de\/wp-content\/uploads\/IMG_0693-e1464728177748.jpg\"><img loading=\"lazy\" class=\"size-full wp-image-5766\" src=\"https:\/\/www.scennerich.de\/wp-content\/uploads\/IMG_0693-e1464728177748.jpg\" alt=\"Der Vorstandsvorsitzende des SCE Matthias Laszlo verabschiedet gemeinsam mit seinem Vize Holger R\u00f6mer den verdienten Spieler Bj\u00f6rn Bludau\" width=\"480\" height=\"639\" srcset=\"https:\/\/www.scennerich.de\/wp-content\/uploads\/IMG_0693-e1464728177748.jpg 480w, https:\/\/www.scennerich.de\/wp-content\/uploads\/IMG_0693-e1464728177748-225x300.jpg 225w\" sizes=\"(max-width: 480px) 100vw, 480px\" \/><\/a><figcaption id=\"caption-attachment-5766\" class=\"wp-caption-text\">Der Vorstandsvorsitzende des SCE Matthias Laszlo verabschiedet gemeinsam mit seinem Vize Holger R\u00f6mer den verdienten Spieler Bj\u00f6rn Bludau<\/figcaption><\/figure>\n","protected":false},"excerpt":{"rendered":"<p>Nach dem letzten Saisonheimspiel gegen den FC Rubin Limburg-Weilburg wurde Bj\u00f6rn Bludau verabschiedet. Bj\u00f6rn spielt seit der B-Jugend &#8211; mit Ausnahme von eineinhalb Jahren beim<\/p>\n","protected":false},"author":12,"featured_media":0,"comment_status":"closed","ping_status":"closed","sticky":false,"template":"","format":"standard","meta":[],"categories":[1,6,5],"tags":[],"_links":{"self":[{"href":"https:\/\/www.scennerich.de\/index.php?rest_route=\/wp\/v2\/posts\/5771"}],"collection":[{"href":"https:\/\/www.scennerich.de\/index.php?rest_route=\/wp\/v2\/posts"}],"about":[{"href":"https:\/\/www.scennerich.de\/index.php?rest_route=\/wp\/v2\/types\/post"}],"author":[{"embeddable":true,"href":"https:\/\/www.scennerich.de\/index.php?rest_route=\/wp\/v2\/users\/12"}],"replies":[{"embeddable":true,"href":"https:\/\/www.scennerich.de\/index.php?rest_route=%2Fwp%2Fv2%2Fcomments&post=5771"}],"version-history":[{"count":3,"href":"https:\/\/www.scennerich.de\/index.php?rest_route=\/wp\/v2\/posts\/5771\/revisions"}],"predecessor-version":[{"id":5774,"href":"https:\/\/www.scennerich.de\/index.php?rest_route=\/wp\/v2\/posts\/5771\/revisions\/5774"}],"wp:attachment":[{"href":"https:\/\/www.scennerich.de\/index.php?rest_route=%2Fwp%2Fv2%2Fmedia&parent=5771"}],"wp:term":[{"taxonomy":"category","embeddable":true,"href":"https:\/\/www.scennerich.de\/index.php?rest_route=%2Fwp%2Fv2%2Fcategories&post=5771"},{"taxonomy":"post_tag","embeddable":true,"href":"https:\/\/www.scennerich.de\/index.php?rest_route=%2Fwp%2Fv2%2Ftags&post=5771"}],"curies":[{"name":"wp","href":"https:\/\/api.w.org\/{rel}","templated":true}]}}