{"id":5820,"date":"2016-07-25T14:52:24","date_gmt":"2016-07-25T13:52:24","guid":{"rendered":"http:\/\/www.scennerich.de\/?p=5820"},"modified":"2016-07-25T15:02:13","modified_gmt":"2016-07-25T14:02:13","slug":"saisonabschluss-bei-den-sce-ladies","status":"publish","type":"post","link":"https:\/\/www.scennerich.de\/?p=5820","title":{"rendered":"Saisonabschluss bei den SCE Ladies"},"content":{"rendered":"<p>Mit dem letzten Donnerstag vor Ferienbeginn haben wir wieder unsere j\u00e4hrliche Abschlusswanderung gestartet.<br \/>\nUnser Weg f\u00fchrte uns in die Pizzeria Toscana. Auf halbem Weg \u2013 dem ersten Fotostopp \u2013 kam uns der Zufall zu Hilfe (Pressewart als Fotograf) und somit konnte sofort ein Foto aller mitlaufenden M\u00e4dels gemacht werden. <\/p>\n<p><a href=\"https:\/\/www.scennerich.de\/wp-content\/uploads\/Saisonabschluss-Ladies-1.jpg\"><img loading=\"lazy\" class=\"alignnone size-full wp-image-5829\" src=\"https:\/\/www.scennerich.de\/wp-content\/uploads\/Saisonabschluss-Ladies-1.jpg\" alt=\"Saisonabschluss Ladies 1\" width=\"1024\" height=\"768\" srcset=\"https:\/\/www.scennerich.de\/wp-content\/uploads\/Saisonabschluss-Ladies-1.jpg 1024w, https:\/\/www.scennerich.de\/wp-content\/uploads\/Saisonabschluss-Ladies-1-300x225.jpg 300w\" sizes=\"(max-width: 1024px) 100vw, 1024px\" \/><\/a> <\/p>\n<p>Am Bahnhof Eschhofen vorbei ging`s dann in Richtung Kirche bzw. Toscana, wo auch zeitgleich die \u201efu\u00dfkranken\u201c Ladies eintrafen.<\/p>\n<p><a href=\"https:\/\/www.scennerich.de\/wp-content\/uploads\/Saisonabschluss-Ladies-2.jpg\"><img loading=\"lazy\" class=\"alignnone size-full wp-image-5830\" src=\"https:\/\/www.scennerich.de\/wp-content\/uploads\/Saisonabschluss-Ladies-2.jpg\" alt=\"Saisonabschluss Ladies 2\" width=\"1024\" height=\"768\" srcset=\"https:\/\/www.scennerich.de\/wp-content\/uploads\/Saisonabschluss-Ladies-2.jpg 1024w, https:\/\/www.scennerich.de\/wp-content\/uploads\/Saisonabschluss-Ladies-2-300x225.jpg 300w\" sizes=\"(max-width: 1024px) 100vw, 1024px\" \/><\/a><\/p>\n<p><a href=\"https:\/\/www.scennerich.de\/wp-content\/uploads\/Saisonabschluss-Ladies-3.jpg\"><img loading=\"lazy\" class=\"alignnone size-full wp-image-5831\" src=\"https:\/\/www.scennerich.de\/wp-content\/uploads\/Saisonabschluss-Ladies-3.jpg\" alt=\"Saisonabschluss Ladies 3\" width=\"1024\" height=\"768\" srcset=\"https:\/\/www.scennerich.de\/wp-content\/uploads\/Saisonabschluss-Ladies-3.jpg 1024w, https:\/\/www.scennerich.de\/wp-content\/uploads\/Saisonabschluss-Ladies-3-300x225.jpg 300w\" sizes=\"(max-width: 1024px) 100vw, 1024px\" \/><\/a><\/p>\n<p><a href=\"https:\/\/www.scennerich.de\/wp-content\/uploads\/Saisonabschluss-Ladies-4.jpg\"><img loading=\"lazy\" class=\"alignnone size-full wp-image-5832\" src=\"https:\/\/www.scennerich.de\/wp-content\/uploads\/Saisonabschluss-Ladies-4.jpg\" alt=\"Saisonabschluss Ladies 4\" width=\"768\" height=\"1024\" srcset=\"https:\/\/www.scennerich.de\/wp-content\/uploads\/Saisonabschluss-Ladies-4.jpg 768w, https:\/\/www.scennerich.de\/wp-content\/uploads\/Saisonabschluss-Ladies-4-225x300.jpg 225w\" sizes=\"(max-width: 768px) 100vw, 768px\" \/><\/a><\/p>\n<p><a href=\"https:\/\/www.scennerich.de\/wp-content\/uploads\/Saisonabschluss-Ladies-5.jpg\"><img loading=\"lazy\" class=\"alignnone size-full wp-image-5833\" src=\"https:\/\/www.scennerich.de\/wp-content\/uploads\/Saisonabschluss-Ladies-5.jpg\" alt=\"Saisonabschluss Ladies 5\" width=\"1024\" height=\"768\" srcset=\"https:\/\/www.scennerich.de\/wp-content\/uploads\/Saisonabschluss-Ladies-5.jpg 1024w, https:\/\/www.scennerich.de\/wp-content\/uploads\/Saisonabschluss-Ladies-5-300x225.jpg 300w\" sizes=\"(max-width: 1024px) 100vw, 1024px\" \/><\/a><\/p>\n<p>Nach einer kleinen St\u00e4rkung und etwas l\u00e4ngerem Smalltalk machten wir uns satt und m\u00fcde wieder auf den Heimmarsch.<\/p>\n<p>In der Halle sind jetzt \u201eFerien\u201c. Die, die noch nicht in Urlaub sind, treffen sich zu verschiedenen \u201eOutdoor\u201c -Aktivit\u00e4ten, die von einem zum anderen Mal beschlossen werden.<\/p>\n<p>Offizieller Start in der Halle \u2013 nach den Ferien \u2013 ist dann Donnerstag, der 01.September 2016 um 20.30h.<\/p>\n","protected":false},"excerpt":{"rendered":"<p>Mit dem letzten Donnerstag vor Ferienbeginn haben wir wieder unsere j\u00e4hrliche Abschlusswanderung gestartet. Unser Weg f\u00fchrte uns in die Pizzeria Toscana. Auf halbem Weg \u2013<\/p>\n","protected":false},"author":12,"featured_media":0,"comment_status":"closed","ping_status":"closed","sticky":false,"template":"","format":"standard","meta":[],"categories":[1,9],"tags":[],"_links":{"self":[{"href":"https:\/\/www.scennerich.de\/index.php?rest_route=\/wp\/v2\/posts\/5820"}],"collection":[{"href":"https:\/\/www.scennerich.de\/index.php?rest_route=\/wp\/v2\/posts"}],"about":[{"href":"https:\/\/www.scennerich.de\/index.php?rest_route=\/wp\/v2\/types\/post"}],"author":[{"embeddable":true,"href":"https:\/\/www.scennerich.de\/index.php?rest_route=\/wp\/v2\/users\/12"}],"replies":[{"embeddable":true,"href":"https:\/\/www.scennerich.de\/index.php?rest_route=%2Fwp%2Fv2%2Fcomments&post=5820"}],"version-history":[{"count":4,"href":"https:\/\/www.scennerich.de\/index.php?rest_route=\/wp\/v2\/posts\/5820\/revisions"}],"predecessor-version":[{"id":5836,"href":"https:\/\/www.scennerich.de\/index.php?rest_route=\/wp\/v2\/posts\/5820\/revisions\/5836"}],"wp:attachment":[{"href":"https:\/\/www.scennerich.de\/index.php?rest_route=%2Fwp%2Fv2%2Fmedia&parent=5820"}],"wp:term":[{"taxonomy":"category","embeddable":true,"href":"https:\/\/www.scennerich.de\/index.php?rest_route=%2Fwp%2Fv2%2Fcategories&post=5820"},{"taxonomy":"post_tag","embeddable":true,"href":"https:\/\/www.scennerich.de\/index.php?rest_route=%2Fwp%2Fv2%2Ftags&post=5820"}],"curies":[{"name":"wp","href":"https:\/\/api.w.org\/{rel}","templated":true}]}}