{"id":6228,"date":"2019-02-26T19:50:07","date_gmt":"2019-02-26T18:50:07","guid":{"rendered":"http:\/\/www.scennerich.de\/?p=6228"},"modified":"2019-02-26T19:50:07","modified_gmt":"2019-02-26T18:50:07","slug":"schwarz-gelbe-nacht-im-land-der-aufgehenden-sonne","status":"publish","type":"post","link":"https:\/\/www.scennerich.de\/?p=6228","title":{"rendered":"Schwarz-Gelbe Nacht im Land der aufgehenden Sonne\u2026"},"content":{"rendered":"<p>Das B\u00fcrgerhaus war zur schwarz-gelben Nacht des SC Ennerich \u2013 dem Motto entsprechend- mit Lotosbl\u00fcten und Papierlampions geschm\u00fcckt.<\/p>\n<p>P\u00fcnktlich 20.11 er\u00f6ffnete A. Nattermann,\u00a0 der durch den Abend f\u00fchrte,\u00a0 mit einer \u201eLesung\u201c der eigenen Memoiren die Kappensitzung.<br \/>\n<a href=\"https:\/\/www.scennerich.de\/wp-content\/uploads\/1-2.jpg\"><img loading=\"lazy\" class=\"alignnone size-medium wp-image-6229\" src=\"https:\/\/www.scennerich.de\/wp-content\/uploads\/1-2-300x271.jpg\" alt=\"\" width=\"300\" height=\"271\" srcset=\"https:\/\/www.scennerich.de\/wp-content\/uploads\/1-2-300x271.jpg 300w, https:\/\/www.scennerich.de\/wp-content\/uploads\/1-2-768x694.jpg 768w, https:\/\/www.scennerich.de\/wp-content\/uploads\/1-2-1024x925.jpg 1024w, https:\/\/www.scennerich.de\/wp-content\/uploads\/1-2.jpg 1825w\" sizes=\"(max-width: 300px) 100vw, 300px\" \/><\/a><br \/>\nAnschlie\u00dfend kamen die Ladies des SCE (Leitung H. Horn) als Geishas auf die B\u00fchne und stimmten das Publikum auf die kommenden Stunden ein.<br \/>\n<a href=\"https:\/\/www.scennerich.de\/wp-content\/uploads\/2-2.jpg\"><img loading=\"lazy\" class=\"alignnone size-medium wp-image-6230\" src=\"https:\/\/www.scennerich.de\/wp-content\/uploads\/2-2-300x138.jpg\" alt=\"\" width=\"300\" height=\"138\" srcset=\"https:\/\/www.scennerich.de\/wp-content\/uploads\/2-2-300x138.jpg 300w, https:\/\/www.scennerich.de\/wp-content\/uploads\/2-2-768x352.jpg 768w, https:\/\/www.scennerich.de\/wp-content\/uploads\/2-2-1024x470.jpg 1024w\" sizes=\"(max-width: 300px) 100vw, 300px\" \/><\/a><br \/>\nFr\u00fch \u00fcbt sich \u2026\u00a0 die Zumba Kids jun. und Zumba Kids der TSG Emphasis zeigten in einen Mix zu afrikanischen Kl\u00e4ngen, was sie in ihren \u00dcbungsstunden alles so lernen. Die Gruppe unter Leitung von A. Wilfer kam nicht ohne Zugabe von der B\u00fchne.<br \/>\n<a href=\"https:\/\/www.scennerich.de\/wp-content\/uploads\/3-2.jpg\"><img loading=\"lazy\" class=\"alignnone size-medium wp-image-6231\" src=\"https:\/\/www.scennerich.de\/wp-content\/uploads\/3-2-300x164.jpg\" alt=\"\" width=\"300\" height=\"164\" srcset=\"https:\/\/www.scennerich.de\/wp-content\/uploads\/3-2-300x164.jpg 300w, https:\/\/www.scennerich.de\/wp-content\/uploads\/3-2-768x420.jpg 768w, https:\/\/www.scennerich.de\/wp-content\/uploads\/3-2-1024x560.jpg 1024w\" sizes=\"(max-width: 300px) 100vw, 300px\" \/><\/a><br \/>\nWie sich eine \u201efeine Dame\u201c und eine \u201eLandfrau\u201c auf dem Bahnsteig so ihre Zeit vertreiben,\u00a0\u00a0 zeigten I. M\u00fcller u. A. Reich in ihrem Sketch ohne Worte.<br \/>\n<a href=\"https:\/\/www.scennerich.de\/wp-content\/uploads\/4-2.jpg\"><img loading=\"lazy\" class=\"alignnone size-medium wp-image-6232\" src=\"https:\/\/www.scennerich.de\/wp-content\/uploads\/4-2-300x241.jpg\" alt=\"\" width=\"300\" height=\"241\" srcset=\"https:\/\/www.scennerich.de\/wp-content\/uploads\/4-2-300x241.jpg 300w, https:\/\/www.scennerich.de\/wp-content\/uploads\/4-2-768x616.jpg 768w, https:\/\/www.scennerich.de\/wp-content\/uploads\/4-2-1024x822.jpg 1024w\" sizes=\"(max-width: 300px) 100vw, 300px\" \/><\/a><br \/>\nWas einem im Dschungel bzw. auf dem Flug dorthin alles passieren kann, demonstrierte die Gruppe \u201eDancing Stars\u201c (TSG Emphasis, Leitung A. Wilfer)\u00a0 mit ihrer Tanzdarbietung.<br \/>\n<a href=\"https:\/\/www.scennerich.de\/wp-content\/uploads\/5-2.jpg\"><img loading=\"lazy\" class=\"alignnone size-medium wp-image-6233\" src=\"https:\/\/www.scennerich.de\/wp-content\/uploads\/5-2-300x182.jpg\" alt=\"\" width=\"300\" height=\"182\" srcset=\"https:\/\/www.scennerich.de\/wp-content\/uploads\/5-2-300x182.jpg 300w, https:\/\/www.scennerich.de\/wp-content\/uploads\/5-2-768x466.jpg 768w, https:\/\/www.scennerich.de\/wp-content\/uploads\/5-2-1024x622.jpg 1024w\" sizes=\"(max-width: 300px) 100vw, 300px\" \/><\/a><br \/>\nAls Rentner im Unruhestand beschrieb N. Ackermann was alles auf \u201eMann\u201c zukommt, wenn es hei\u00dft zu Hause \u00a0und bei der \u201eFa. Desdo\u201c angestellt zu sein\u00a0 (Kannste mol desdo oder mach mol desdo).<br \/>\n<a href=\"https:\/\/www.scennerich.de\/wp-content\/uploads\/6-2.jpg\"><img loading=\"lazy\" class=\"alignnone size-medium wp-image-6234\" src=\"https:\/\/www.scennerich.de\/wp-content\/uploads\/6-2-225x300.jpg\" alt=\"\" width=\"225\" height=\"300\" srcset=\"https:\/\/www.scennerich.de\/wp-content\/uploads\/6-2-225x300.jpg 225w, https:\/\/www.scennerich.de\/wp-content\/uploads\/6-2-768x1024.jpg 768w, https:\/\/www.scennerich.de\/wp-content\/uploads\/6-2.jpg 1932w\" sizes=\"(max-width: 225px) 100vw, 225px\" \/><\/a><br \/>\nDie New Kids, eine Mischung von Mitgliedern aller Ortsvereine, zeigten, dass man auch mit leeren Bierk\u00e4sten etwas anfangen kann\u2026 n\u00e4mlich den Bierwalzer tanzen. Mit ihren \u00a0Rhythmen brachten sie den Saal zum Toben.<br \/>\n<a href=\"https:\/\/www.scennerich.de\/wp-content\/uploads\/7-2.jpg\"><img loading=\"lazy\" class=\"alignnone size-medium wp-image-6235\" src=\"https:\/\/www.scennerich.de\/wp-content\/uploads\/7-2-300x202.jpg\" alt=\"\" width=\"300\" height=\"202\" srcset=\"https:\/\/www.scennerich.de\/wp-content\/uploads\/7-2-300x202.jpg 300w, https:\/\/www.scennerich.de\/wp-content\/uploads\/7-2-768x518.jpg 768w, https:\/\/www.scennerich.de\/wp-content\/uploads\/7-2-1024x691.jpg 1024w\" sizes=\"(max-width: 300px) 100vw, 300px\" \/><\/a><br \/>\nEinen Africa-Mix der besonderen Art zeigte dann die Gruppe Emphasia (TSG Emphasis) unter Leitung von I. Demleitner-Bormann.<br \/>\n<a href=\"https:\/\/www.scennerich.de\/wp-content\/uploads\/8-1.jpg\"><img loading=\"lazy\" class=\"alignnone size-medium wp-image-6236\" src=\"https:\/\/www.scennerich.de\/wp-content\/uploads\/8-1-300x167.jpg\" alt=\"\" width=\"300\" height=\"167\" srcset=\"https:\/\/www.scennerich.de\/wp-content\/uploads\/8-1-300x167.jpg 300w, https:\/\/www.scennerich.de\/wp-content\/uploads\/8-1-768x428.jpg 768w, https:\/\/www.scennerich.de\/wp-content\/uploads\/8-1-1024x570.jpg 1024w\" sizes=\"(max-width: 300px) 100vw, 300px\" \/><\/a><br \/>\nUm die Altersteilzeit ging es im Sketch von H. Horn und A. Schneider. Sie gaben \u00a0einen Vorgeschmack auf das, was \u201eFrau\u201c bl\u00fcht, wenn der G\u00f6ttergatte nicht mehr zur Arbeit geht und den ganzen Tag zu Hause ist.<br \/>\n<a href=\"https:\/\/www.scennerich.de\/wp-content\/uploads\/9-1.jpg\"><img loading=\"lazy\" class=\"alignnone size-medium wp-image-6237\" src=\"https:\/\/www.scennerich.de\/wp-content\/uploads\/9-1-300x255.jpg\" alt=\"\" width=\"300\" height=\"255\" srcset=\"https:\/\/www.scennerich.de\/wp-content\/uploads\/9-1-300x255.jpg 300w, https:\/\/www.scennerich.de\/wp-content\/uploads\/9-1-768x653.jpg 768w, https:\/\/www.scennerich.de\/wp-content\/uploads\/9-1-1024x870.jpg 1024w, https:\/\/www.scennerich.de\/wp-content\/uploads\/9-1.jpg 1705w\" sizes=\"(max-width: 300px) 100vw, 300px\" \/><\/a><br \/>\nAlles f\u00fcr die Leut\u2026 war das Motto des Vortrags von N. Ackermann. Was man auch tut, wie man sich gibt, immer mit Blick auf die Leut.<br \/>\n<a href=\"https:\/\/www.scennerich.de\/wp-content\/uploads\/10-1.jpg\"><img loading=\"lazy\" class=\"alignnone size-medium wp-image-6238\" src=\"https:\/\/www.scennerich.de\/wp-content\/uploads\/10-1-300x227.jpg\" alt=\"\" width=\"300\" height=\"227\" srcset=\"https:\/\/www.scennerich.de\/wp-content\/uploads\/10-1-300x227.jpg 300w, https:\/\/www.scennerich.de\/wp-content\/uploads\/10-1-768x582.jpg 768w, https:\/\/www.scennerich.de\/wp-content\/uploads\/10-1-1024x776.jpg 1024w\" sizes=\"(max-width: 300px) 100vw, 300px\" \/><\/a><br \/>\nDas M\u00e4nnerballett\u00a0 des HVV Ennerich\u00a0 stellte als \u201eblasse\u201c Pantomimen ihr t\u00e4nzerisches K\u00f6nnen zur Schau (einstudiert von A. Schupp).<br \/>\n<a href=\"https:\/\/www.scennerich.de\/wp-content\/uploads\/11-1.jpg\"><img loading=\"lazy\" class=\"alignnone size-medium wp-image-6239\" src=\"https:\/\/www.scennerich.de\/wp-content\/uploads\/11-1-300x231.jpg\" alt=\"\" width=\"300\" height=\"231\" srcset=\"https:\/\/www.scennerich.de\/wp-content\/uploads\/11-1-300x231.jpg 300w, https:\/\/www.scennerich.de\/wp-content\/uploads\/11-1-768x591.jpg 768w, https:\/\/www.scennerich.de\/wp-content\/uploads\/11-1-1024x788.jpg 1024w\" sizes=\"(max-width: 300px) 100vw, 300px\" \/><\/a><br \/>\nMagisches Feeling kam beim Aufritt des besten Magiers aller Zeiten (H.Ackermann) auf.<br \/>\n<a href=\"https:\/\/www.scennerich.de\/wp-content\/uploads\/12-1.jpg\"><img loading=\"lazy\" class=\"alignnone size-medium wp-image-6240\" src=\"https:\/\/www.scennerich.de\/wp-content\/uploads\/12-1-300x208.jpg\" alt=\"\" width=\"300\" height=\"208\" srcset=\"https:\/\/www.scennerich.de\/wp-content\/uploads\/12-1-300x208.jpg 300w, https:\/\/www.scennerich.de\/wp-content\/uploads\/12-1-768x532.jpg 768w, https:\/\/www.scennerich.de\/wp-content\/uploads\/12-1-1024x710.jpg 1024w\" sizes=\"(max-width: 300px) 100vw, 300px\" \/><\/a><br \/>\nMit seinen Zaubertricks brachte er das Publikum zum Staunen.<br \/>\nVon \u201eHagelschaden\u201c, Dellen und Wellen konnten die Ladies des SCE ein Lied singen. Mit ihrer Schlussnummer \u00a0haben sie die Problemzonen der Frau besungen.<br \/>\n<a href=\"https:\/\/www.scennerich.de\/wp-content\/uploads\/13.jpg\"><img loading=\"lazy\" class=\"alignnone size-medium wp-image-6241\" src=\"https:\/\/www.scennerich.de\/wp-content\/uploads\/13-300x171.jpg\" alt=\"\" width=\"300\" height=\"171\" srcset=\"https:\/\/www.scennerich.de\/wp-content\/uploads\/13-300x171.jpg 300w, https:\/\/www.scennerich.de\/wp-content\/uploads\/13-768x438.jpg 768w, https:\/\/www.scennerich.de\/wp-content\/uploads\/13-1024x583.jpg 1024w\" sizes=\"(max-width: 300px) 100vw, 300px\" \/><\/a><br \/>\nNachdem A. Nattermann alle Mitwirkenden nochmal zum Abschluss auf die B\u00fchne gebeten hatte wurde noch bis in die fr\u00fchen Morgenstunden abgerockt.<br \/>\n<a href=\"https:\/\/www.scennerich.de\/wp-content\/uploads\/14.jpg\"><img loading=\"lazy\" class=\"alignnone size-medium wp-image-6242\" src=\"https:\/\/www.scennerich.de\/wp-content\/uploads\/14-300x162.jpg\" alt=\"\" width=\"300\" height=\"162\" srcset=\"https:\/\/www.scennerich.de\/wp-content\/uploads\/14-300x162.jpg 300w, https:\/\/www.scennerich.de\/wp-content\/uploads\/14-768x415.jpg 768w, https:\/\/www.scennerich.de\/wp-content\/uploads\/14-1024x553.jpg 1024w\" sizes=\"(max-width: 300px) 100vw, 300px\" \/><\/a><\/p>\n","protected":false},"excerpt":{"rendered":"<p>Das B\u00fcrgerhaus war zur schwarz-gelben Nacht des SC Ennerich \u2013 dem Motto entsprechend- mit Lotosbl\u00fcten und Papierlampions geschm\u00fcckt. P\u00fcnktlich 20.11 er\u00f6ffnete A. Nattermann,\u00a0 der durch<\/p>\n","protected":false},"author":12,"featured_media":0,"comment_status":"closed","ping_status":"closed","sticky":false,"template":"","format":"standard","meta":[],"categories":[1],"tags":[],"_links":{"self":[{"href":"https:\/\/www.scennerich.de\/index.php?rest_route=\/wp\/v2\/posts\/6228"}],"collection":[{"href":"https:\/\/www.scennerich.de\/index.php?rest_route=\/wp\/v2\/posts"}],"about":[{"href":"https:\/\/www.scennerich.de\/index.php?rest_route=\/wp\/v2\/types\/post"}],"author":[{"embeddable":true,"href":"https:\/\/www.scennerich.de\/index.php?rest_route=\/wp\/v2\/users\/12"}],"replies":[{"embeddable":true,"href":"https:\/\/www.scennerich.de\/index.php?rest_route=%2Fwp%2Fv2%2Fcomments&post=6228"}],"version-history":[{"count":1,"href":"https:\/\/www.scennerich.de\/index.php?rest_route=\/wp\/v2\/posts\/6228\/revisions"}],"predecessor-version":[{"id":6243,"href":"https:\/\/www.scennerich.de\/index.php?rest_route=\/wp\/v2\/posts\/6228\/revisions\/6243"}],"wp:attachment":[{"href":"https:\/\/www.scennerich.de\/index.php?rest_route=%2Fwp%2Fv2%2Fmedia&parent=6228"}],"wp:term":[{"taxonomy":"category","embeddable":true,"href":"https:\/\/www.scennerich.de\/index.php?rest_route=%2Fwp%2Fv2%2Fcategories&post=6228"},{"taxonomy":"post_tag","embeddable":true,"href":"https:\/\/www.scennerich.de\/index.php?rest_route=%2Fwp%2Fv2%2Ftags&post=6228"}],"curies":[{"name":"wp","href":"https:\/\/api.w.org\/{rel}","templated":true}]}}