{"id":6784,"date":"2022-10-03T13:51:21","date_gmt":"2022-10-03T12:51:21","guid":{"rendered":"https:\/\/www.scennerich.de\/?p=6784"},"modified":"2022-10-03T13:51:21","modified_gmt":"2022-10-03T12:51:21","slug":"der-sc-ennerich-laedt-zum-kirmesspiel","status":"publish","type":"post","link":"https:\/\/www.scennerich.de\/?p=6784","title":{"rendered":"Der SC Ennerich l\u00e4dt zum Kirmesspiel"},"content":{"rendered":"\n<p>Am 28.10.22 treffen auf dem Ennericher \u00c4ppelberg nicht nur der SC Ennerich &amp; die FSG Runkel zum Derby in der Kreisliga B aufeinander &#8211; es ist auch der Auftakt zur Kirmes in Ennerich.<\/p>\n\n\n\n<p>Coronabedingt war in Ennerich entschieden worden, auf eine gro\u00dfe Kirmes in diesem Jahr nochmals zu verzichten. An jedem Tag \u00fcbernimmt daher ein anderer Ennericher Verein eine kleine Ausrichtung der Feierlichkeiten.<\/p>\n\n\n\n<p>Im Rahmen des Ligaspiels l\u00e4dt der SCE freitags zu Leberk\u00e4se, Brezeln, Spundek\u00e4s und &#8211; nach Spielschluss &#8211; zur musikalischen Unterhaltung ein. Es wird nur der \u00fcbliche Eintritt von 2,50 EUR f\u00fcr Besucher des Spiels genommen, der weitere Abend ist frei.<\/p>\n","protected":false},"excerpt":{"rendered":"<p>Am 28.10.22 treffen auf dem Ennericher \u00c4ppelberg nicht nur der SC Ennerich &amp; die FSG Runkel zum Derby in der Kreisliga B aufeinander &#8211; es<\/p>\n","protected":false},"author":17,"featured_media":6787,"comment_status":"closed","ping_status":"closed","sticky":false,"template":"","format":"standard","meta":[],"categories":[1],"tags":[],"_links":{"self":[{"href":"https:\/\/www.scennerich.de\/index.php?rest_route=\/wp\/v2\/posts\/6784"}],"collection":[{"href":"https:\/\/www.scennerich.de\/index.php?rest_route=\/wp\/v2\/posts"}],"about":[{"href":"https:\/\/www.scennerich.de\/index.php?rest_route=\/wp\/v2\/types\/post"}],"author":[{"embeddable":true,"href":"https:\/\/www.scennerich.de\/index.php?rest_route=\/wp\/v2\/users\/17"}],"replies":[{"embeddable":true,"href":"https:\/\/www.scennerich.de\/index.php?rest_route=%2Fwp%2Fv2%2Fcomments&post=6784"}],"version-history":[{"count":1,"href":"https:\/\/www.scennerich.de\/index.php?rest_route=\/wp\/v2\/posts\/6784\/revisions"}],"predecessor-version":[{"id":6788,"href":"https:\/\/www.scennerich.de\/index.php?rest_route=\/wp\/v2\/posts\/6784\/revisions\/6788"}],"wp:featuredmedia":[{"embeddable":true,"href":"https:\/\/www.scennerich.de\/index.php?rest_route=\/wp\/v2\/media\/6787"}],"wp:attachment":[{"href":"https:\/\/www.scennerich.de\/index.php?rest_route=%2Fwp%2Fv2%2Fmedia&parent=6784"}],"wp:term":[{"taxonomy":"category","embeddable":true,"href":"https:\/\/www.scennerich.de\/index.php?rest_route=%2Fwp%2Fv2%2Fcategories&post=6784"},{"taxonomy":"post_tag","embeddable":true,"href":"https:\/\/www.scennerich.de\/index.php?rest_route=%2Fwp%2Fv2%2Ftags&post=6784"}],"curies":[{"name":"wp","href":"https:\/\/api.w.org\/{rel}","templated":true}]}}