{"id":6818,"date":"2023-07-17T20:42:17","date_gmt":"2023-07-17T19:42:17","guid":{"rendered":"https:\/\/www.scennerich.de\/?p=6818"},"modified":"2023-07-17T20:42:58","modified_gmt":"2023-07-17T19:42:58","slug":"tag-der-offenen-tuer-voller-erfolg","status":"publish","type":"post","link":"https:\/\/www.scennerich.de\/?p=6818","title":{"rendered":"&#8222;Tag der offenen T\u00fcr&#8220; &#8211; voller Erfolg!"},"content":{"rendered":"\n<p>Am 15.07. hatte der SCE Tor und T\u00fcr ge\u00f6ffnet, um Jung und Alt auf den Sportplatz und rund um das frisch renovierte Vereinsheim zu locken. F\u00fcr das leibliche Wohl war bestens gesorgt und mit Kinderolympiade, Glitzertattoos, H\u00fcpfburg, einem Gehfu\u00dfballspiel und dem anschlie\u00dfenden Elferking-Turnier war einiges geboten.<\/p>\n\n\n\n<p>Zum Gl\u00fcck war die gro\u00dfe Hitze ausgeblieben, allerdings zogen immer mal wieder kurze Schauer durch. Dies tat aber insbesondere der guten Stimmung bei der Kinderolympiade keinen Abbruch. <\/p>\n\n\n\n<figure class=\"wp-block-image size-large is-resized\"><a href=\"https:\/\/www.scennerich.de\/wp-content\/uploads\/5dca2f4f-d18e-4a3b-a4ad-30cb91965846.jpeg\"><img loading=\"lazy\" src=\"https:\/\/www.scennerich.de\/wp-content\/uploads\/5dca2f4f-d18e-4a3b-a4ad-30cb91965846-1024x768.jpeg\" alt=\"\" class=\"wp-image-6819\" width=\"768\" height=\"576\" srcset=\"https:\/\/www.scennerich.de\/wp-content\/uploads\/5dca2f4f-d18e-4a3b-a4ad-30cb91965846-1024x768.jpeg 1024w, https:\/\/www.scennerich.de\/wp-content\/uploads\/5dca2f4f-d18e-4a3b-a4ad-30cb91965846-300x225.jpeg 300w, https:\/\/www.scennerich.de\/wp-content\/uploads\/5dca2f4f-d18e-4a3b-a4ad-30cb91965846-768x576.jpeg 768w, https:\/\/www.scennerich.de\/wp-content\/uploads\/5dca2f4f-d18e-4a3b-a4ad-30cb91965846-1536x1152.jpeg 1536w, https:\/\/www.scennerich.de\/wp-content\/uploads\/5dca2f4f-d18e-4a3b-a4ad-30cb91965846-800x600.jpeg 800w, https:\/\/www.scennerich.de\/wp-content\/uploads\/5dca2f4f-d18e-4a3b-a4ad-30cb91965846.jpeg 2048w\" sizes=\"(max-width: 768px) 100vw, 768px\" \/><\/a><\/figure>\n\n\n\n<figure class=\"wp-block-image size-large is-resized\"><a href=\"https:\/\/www.scennerich.de\/wp-content\/uploads\/f372c0eb-7286-451c-b210-3fd102c20962.jpeg\"><img loading=\"lazy\" src=\"https:\/\/www.scennerich.de\/wp-content\/uploads\/f372c0eb-7286-451c-b210-3fd102c20962-1024x463.jpeg\" alt=\"\" class=\"wp-image-6820\" width=\"768\" height=\"347\" srcset=\"https:\/\/www.scennerich.de\/wp-content\/uploads\/f372c0eb-7286-451c-b210-3fd102c20962-1024x463.jpeg 1024w, https:\/\/www.scennerich.de\/wp-content\/uploads\/f372c0eb-7286-451c-b210-3fd102c20962-300x136.jpeg 300w, https:\/\/www.scennerich.de\/wp-content\/uploads\/f372c0eb-7286-451c-b210-3fd102c20962-768x347.jpeg 768w, https:\/\/www.scennerich.de\/wp-content\/uploads\/f372c0eb-7286-451c-b210-3fd102c20962.jpeg 1375w\" sizes=\"(max-width: 768px) 100vw, 768px\" \/><\/a><\/figure>\n\n\n\n<p>Wer sich sportlich ver\u00e4u\u00dfet hatte, konnte sich beim Glitzertattos gleichzeitig versch\u00f6nern lassen und ausruhen.<\/p>\n\n\n\n<figure class=\"wp-block-image size-full is-resized\"><a href=\"https:\/\/www.scennerich.de\/wp-content\/uploads\/57203eb4-d472-452e-aac3-976f38845716.jpeg\"><img loading=\"lazy\" src=\"https:\/\/www.scennerich.de\/wp-content\/uploads\/57203eb4-d472-452e-aac3-976f38845716.jpeg\" alt=\"\" class=\"wp-image-6821\" width=\"576\" height=\"768\" srcset=\"https:\/\/www.scennerich.de\/wp-content\/uploads\/57203eb4-d472-452e-aac3-976f38845716.jpeg 768w, https:\/\/www.scennerich.de\/wp-content\/uploads\/57203eb4-d472-452e-aac3-976f38845716-225x300.jpeg 225w\" sizes=\"(max-width: 576px) 100vw, 576px\" \/><\/a><\/figure>\n\n\n\n<p>Als kleine Showeinlage fand ein Gehfu\u00dfballspiel der in Entstehung befindenden Gehfu\u00dfballtruppe des SCE gegen die schon l\u00e4nger praktizierenden Gehfu\u00dfballer aus Eschhofen statt &#8211; herzlichen Dank an die G\u00e4ste! Wer mehr zum Thema wissen will, findet hier im verlinkten <a rel=\"noreferrer noopener\" href=\"https:\/\/www.hfv-online.de\/fileadmin\/HFV-Daten\/vereinsservice\/download\/FuB\/Leitfaden_Gehfu%C3%9Fballaktivit%C3%A4t_im_Kreis_2023.pdf\" target=\"_blank\">Erkl\u00e4r-PDF des HFV <\/a>weitere Infos. <\/p>\n\n\n\n<figure class=\"wp-block-image size-full is-resized\"><a href=\"https:\/\/www.scennerich.de\/wp-content\/uploads\/c668b243-4661-48a1-9749-1883567f38e2.jpeg\"><img loading=\"lazy\" src=\"https:\/\/www.scennerich.de\/wp-content\/uploads\/c668b243-4661-48a1-9749-1883567f38e2.jpeg\" alt=\"\" class=\"wp-image-6822\" width=\"716\" height=\"500\" srcset=\"https:\/\/www.scennerich.de\/wp-content\/uploads\/c668b243-4661-48a1-9749-1883567f38e2.jpeg 955w, https:\/\/www.scennerich.de\/wp-content\/uploads\/c668b243-4661-48a1-9749-1883567f38e2-300x210.jpeg 300w, https:\/\/www.scennerich.de\/wp-content\/uploads\/c668b243-4661-48a1-9749-1883567f38e2-768x536.jpeg 768w\" sizes=\"(max-width: 716px) 100vw, 716px\" \/><\/a><\/figure>\n\n\n\n<p>Danach startete das Abendprogramm mit dem Elferkingturnier. Insgesamt zehn Mannschaften hatten sich gemeldet, darunter so exotische wie &#8222;Bob Deutschland 1&#8220;  &amp; &#8222;1. FC W\u00e4schberg Farmer&#8220;, aber auch ein Team unseres Sponsors Tosun Ger\u00fcstbau. 5 Sch\u00fctzen + 1 Torwart &#8211; mehr brauchte es nicht und so zappelten die B\u00e4lle reihenweise im Netz.<\/p>\n\n\n\n<p>Gl\u00fcckliche Sieger wurden die Junioren von &#8222;FC Lieberampool&#8220; &#8211; herzlichen Gl\u00fcckwunsch!<\/p>\n\n\n\n<figure class=\"wp-block-image size-large is-resized\"><a href=\"https:\/\/www.scennerich.de\/wp-content\/uploads\/9de1747d-5f2c-499b-8bb5-b639b7bcfb1e.jpeg\"><img loading=\"lazy\" src=\"https:\/\/www.scennerich.de\/wp-content\/uploads\/9de1747d-5f2c-499b-8bb5-b639b7bcfb1e-1024x768.jpeg\" alt=\"\" class=\"wp-image-6823\" width=\"768\" height=\"576\" srcset=\"https:\/\/www.scennerich.de\/wp-content\/uploads\/9de1747d-5f2c-499b-8bb5-b639b7bcfb1e-1024x768.jpeg 1024w, https:\/\/www.scennerich.de\/wp-content\/uploads\/9de1747d-5f2c-499b-8bb5-b639b7bcfb1e-300x225.jpeg 300w, https:\/\/www.scennerich.de\/wp-content\/uploads\/9de1747d-5f2c-499b-8bb5-b639b7bcfb1e-768x576.jpeg 768w, https:\/\/www.scennerich.de\/wp-content\/uploads\/9de1747d-5f2c-499b-8bb5-b639b7bcfb1e-1536x1152.jpeg 1536w, https:\/\/www.scennerich.de\/wp-content\/uploads\/9de1747d-5f2c-499b-8bb5-b639b7bcfb1e-800x600.jpeg 800w, https:\/\/www.scennerich.de\/wp-content\/uploads\/9de1747d-5f2c-499b-8bb5-b639b7bcfb1e.jpeg 2000w\" sizes=\"(max-width: 768px) 100vw, 768px\" \/><\/a><\/figure>\n\n\n\n<p>Insgesamt \u00fcber 150 Besucher konnten begr\u00fc\u00dft werden, so dass die gesamte Veranstaltung als ein toller Erfolg zu verbuchen ist. Der SCE bedankt sich bei allen flei\u00dfigen Helfern und Helferinnen und unseren G\u00e4sten!<\/p>\n\n\n\n<p><\/p>\n\n\n\n<p>Bilder: SC Ennerich<\/p>\n","protected":false},"excerpt":{"rendered":"<p>Am 15.07. hatte der SCE Tor und T\u00fcr ge\u00f6ffnet, um Jung und Alt auf den Sportplatz und rund um das frisch renovierte Vereinsheim zu locken.<\/p>\n","protected":false},"author":17,"featured_media":6819,"comment_status":"closed","ping_status":"closed","sticky":false,"template":"","format":"standard","meta":[],"categories":[1],"tags":[],"_links":{"self":[{"href":"https:\/\/www.scennerich.de\/index.php?rest_route=\/wp\/v2\/posts\/6818"}],"collection":[{"href":"https:\/\/www.scennerich.de\/index.php?rest_route=\/wp\/v2\/posts"}],"about":[{"href":"https:\/\/www.scennerich.de\/index.php?rest_route=\/wp\/v2\/types\/post"}],"author":[{"embeddable":true,"href":"https:\/\/www.scennerich.de\/index.php?rest_route=\/wp\/v2\/users\/17"}],"replies":[{"embeddable":true,"href":"https:\/\/www.scennerich.de\/index.php?rest_route=%2Fwp%2Fv2%2Fcomments&post=6818"}],"version-history":[{"count":1,"href":"https:\/\/www.scennerich.de\/index.php?rest_route=\/wp\/v2\/posts\/6818\/revisions"}],"predecessor-version":[{"id":6824,"href":"https:\/\/www.scennerich.de\/index.php?rest_route=\/wp\/v2\/posts\/6818\/revisions\/6824"}],"wp:featuredmedia":[{"embeddable":true,"href":"https:\/\/www.scennerich.de\/index.php?rest_route=\/wp\/v2\/media\/6819"}],"wp:attachment":[{"href":"https:\/\/www.scennerich.de\/index.php?rest_route=%2Fwp%2Fv2%2Fmedia&parent=6818"}],"wp:term":[{"taxonomy":"category","embeddable":true,"href":"https:\/\/www.scennerich.de\/index.php?rest_route=%2Fwp%2Fv2%2Fcategories&post=6818"},{"taxonomy":"post_tag","embeddable":true,"href":"https:\/\/www.scennerich.de\/index.php?rest_route=%2Fwp%2Fv2%2Ftags&post=6818"}],"curies":[{"name":"wp","href":"https:\/\/api.w.org\/{rel}","templated":true}]}}