{"id":6885,"date":"2024-05-16T17:52:31","date_gmt":"2024-05-16T16:52:31","guid":{"rendered":"https:\/\/www.scennerich.de\/?p=6885"},"modified":"2025-08-09T08:49:29","modified_gmt":"2025-08-09T07:49:29","slug":"jahreshauptversammlung-am-13-06-ab-2030-uhr-im-vereinsheim","status":"publish","type":"post","link":"https:\/\/www.scennerich.de\/?p=6885","title":{"rendered":"Jahreshauptversammlung am 28.08. ab 20:00 Uhr im Vereinsheim"},"content":{"rendered":"\n<p>Liebe Mitglieder:innen,<\/p>\n\n\n\n<p>hiermit laden wir zur ordentlichen Mitgliederversammlung ein:<\/p>\n\n\n\n<p>28.08.2025 um 20:00 Uhr<\/p>\n\n\n\n<p>Vereinsheim SC Ennerich<\/p>\n\n\n\n<p><strong>Tagesordnung<\/strong><\/p>\n\n\n\n<p>TOP 1 Begr\u00fc\u00dfung und Er\u00f6ffnung der Mitgliederversammlung<\/p>\n\n\n\n<p>TOP 2 Gedenken der Verstorbenen<\/p>\n\n\n\n<p>TOP 3 Verabschiedung des Protokolls der JHV 2024<\/p>\n\n\n\n<p>TOP 4 Feststellung der Beschlussf\u00e4higkeit<\/p>\n\n\n\n<p>TOP 5 Berichte des gesch\u00e4ftsf\u00fchrenden Vorstandes und des erweiterten Vorstandes<\/p>\n\n\n\n<p>TOP 6 Bericht der Kassenpr\u00fcfer<\/p>\n\n\n\n<p>TOP 7 Aussprache zu den Berichten<\/p>\n\n\n\n<p>TOP 8 Entlastung des Kassierers<\/p>\n\n\n\n<p>TOP 9 Entlastung des Vorstandes<\/p>\n\n\n\n<p>TOP 10 Best\u00e4tigung der Abteilungsleiter Damen, AH, Tennis<\/p>\n\n\n\n<p>TOP 11 Neuwahlen,<\/p>\n\n\n\n<p>1. Vorsitzender, 2. Vorsitzender, Schriftf\u00fchrer, Kassierer, Wirtschaftsausschuss,<\/p>\n\n\n\n<p>Vorsitz Spielausschuss, Jugendleiter, Pressewart, Platzwart, Platzkassierer,<\/p>\n\n\n\n<p>Beisitzer<\/p>\n\n\n\n<p>13.1 Wahl eines Wahlleiters<\/p>\n\n\n\n<p>13.2 Wahlvorschl\u00e4ge zu den entsprechenden Positionen<\/p>\n\n\n\n<p>13.3 Wahlen<\/p>\n\n\n\n<p>13.4 \u00dcbernahme des Gesch\u00e4ftsbetriebes durch den neuen Vorstand<\/p>\n\n\n\n<p>TOP 12 Ausblick, insb. Veranstaltungen 2025\/2026<\/p>\n\n\n\n<p>TOP 13 Antr\u00e4ge an die Mitgliederversammlung<\/p>\n\n\n\n<p>TOP 14 Verschiedenes<\/p>\n\n\n\n<p>Nach der Mitgliederversammlung stehen die Verantwortlichen f\u00fcr Fragen oder Ausk\u00fcnfte, im<\/p>\n\n\n\n<p>Rahmen einer offenen Gespr\u00e4chsrunde, gerne zur Verf\u00fcgung.<\/p>\n\n\n\n<p>Wir hoffen auf eine zahlreiche Teilnahme unserer Mitglieder und Mitgliederinnen und<\/p>\n\n\n\n<p>verbleiben<\/p>\n\n\n\n<p>Mit sportlichen Gr\u00fc\u00dfen<\/p>\n\n\n\n<p>Der Vorstand<\/p>\n","protected":false},"excerpt":{"rendered":"<p>Liebe Mitglieder:innen, hiermit laden wir zur ordentlichen Mitgliederversammlung ein: 28.08.2025 um 20:00 Uhr Vereinsheim SC Ennerich Tagesordnung TOP 1 Begr\u00fc\u00dfung und Er\u00f6ffnung der Mitgliederversammlung TOP<\/p>\n","protected":false},"author":22,"featured_media":0,"comment_status":"closed","ping_status":"closed","sticky":false,"template":"","format":"standard","meta":[],"categories":[1],"tags":[],"_links":{"self":[{"href":"https:\/\/www.scennerich.de\/index.php?rest_route=\/wp\/v2\/posts\/6885"}],"collection":[{"href":"https:\/\/www.scennerich.de\/index.php?rest_route=\/wp\/v2\/posts"}],"about":[{"href":"https:\/\/www.scennerich.de\/index.php?rest_route=\/wp\/v2\/types\/post"}],"author":[{"embeddable":true,"href":"https:\/\/www.scennerich.de\/index.php?rest_route=\/wp\/v2\/users\/22"}],"replies":[{"embeddable":true,"href":"https:\/\/www.scennerich.de\/index.php?rest_route=%2Fwp%2Fv2%2Fcomments&post=6885"}],"version-history":[{"count":3,"href":"https:\/\/www.scennerich.de\/index.php?rest_route=\/wp\/v2\/posts\/6885\/revisions"}],"predecessor-version":[{"id":6931,"href":"https:\/\/www.scennerich.de\/index.php?rest_route=\/wp\/v2\/posts\/6885\/revisions\/6931"}],"wp:attachment":[{"href":"https:\/\/www.scennerich.de\/index.php?rest_route=%2Fwp%2Fv2%2Fmedia&parent=6885"}],"wp:term":[{"taxonomy":"category","embeddable":true,"href":"https:\/\/www.scennerich.de\/index.php?rest_route=%2Fwp%2Fv2%2Fcategories&post=6885"},{"taxonomy":"post_tag","embeddable":true,"href":"https:\/\/www.scennerich.de\/index.php?rest_route=%2Fwp%2Fv2%2Ftags&post=6885"}],"curies":[{"name":"wp","href":"https:\/\/api.w.org\/{rel}","templated":true}]}}