{"id":6912,"date":"2025-01-06T16:57:04","date_gmt":"2025-01-06T15:57:04","guid":{"rendered":"https:\/\/www.scennerich.de\/?p=6912"},"modified":"2025-08-09T08:52:06","modified_gmt":"2025-08-09T07:52:06","slug":"auf-in-die-rueckrunde","status":"publish","type":"post","link":"https:\/\/www.scennerich.de\/?p=6912","title":{"rendered":"Auf in die Saison 2025\/2026"},"content":{"rendered":"\n<p>Wir freuen uns darauf euch bei Heim- und Ausw\u00e4rtsspielen zu begr\u00fc\u00dfen <br><\/p>\n\n\n\n<figure class=\"wp-block-table\"><table><tbody><tr><td><\/td><td><\/td><td><\/td><\/tr><tr><td>So, 10.08.25 |&nbsp;15:00<\/td><td>Herren | Kreisliga C<\/td><td><\/td><\/tr><tr><td><img src=\"blob:https:\/\/www.scennerich.de\/a0702b5f-8a3b-468d-a820-8f4876ee5eff\"><\/td><td><\/td><td><img src=\"blob:https:\/\/www.scennerich.de\/d75d2066-69fe-4645-acbf-4e9a15dc41af\"><\/td><\/tr><tr><td><a href=\"https:\/\/www.fussball.de\/mannschaft\/sc-ennerich-sc-ennerich-hessen\/-\/saison\/2526\/team-id\/011MIDPREC000000VTVG0001VTR8C1K7\">SC Ennerich<\/a><\/td><td><a href=\"https:\/\/www.fussball.de\/mannschaft\/tsv-steeden-jahn-steeden-hessen\/-\/saison\/2526\/team-id\/011MIEN0SC000000VTVG0001VTR8C1K7\">TSV Steeden<\/a><\/td><\/tr><tr><td>So, 17.08.25 |&nbsp;13:00<\/td><td>Herren | Kreisliga C<\/td><td><\/td><\/tr><tr><td><\/td><td><img src=\"blob:https:\/\/www.scennerich.de\/a4af6108-5400-4dd7-bec2-dfe9df21d4f8\"><\/td><td><img src=\"blob:https:\/\/www.scennerich.de\/a72f2fa8-ffc6-4f37-b334-b65aa12b4c92\"><\/td><\/tr><tr><td><a href=\"https:\/\/www.fussball.de\/mannschaft\/tus-frickhofen-ii-tus-frickhofen-hessen\/-\/saison\/2526\/team-id\/011MIA9L4O000000VTVG0001VTR8C1K7\">TuS Frickhofen II<\/a><\/td><td><a href=\"https:\/\/www.fussball.de\/mannschaft\/sc-ennerich-sc-ennerich-hessen\/-\/saison\/2526\/team-id\/011MIDPREC000000VTVG0001VTR8C1K7\">SC Ennerich<\/a><\/td><\/tr><tr><td>So, 24.08.25 |&nbsp;15:00<\/td><td>Herren | Kreisliga C<\/td><td><\/td><\/tr><tr><td><\/td><td><img src=\"blob:https:\/\/www.scennerich.de\/c1aed6a9-7700-46ed-8c83-8f10205bf2f7\"><\/td><td><img src=\"blob:https:\/\/www.scennerich.de\/dc43c970-98f6-4826-b90a-76f9fb98e7e4\"><\/td><\/tr><tr><td><a href=\"https:\/\/www.fussball.de\/mannschaft\/sc-ennerich-sc-ennerich-hessen\/-\/saison\/2526\/team-id\/011MIDPREC000000VTVG0001VTR8C1K7\">SC Ennerich<\/a><\/td><td><a href=\"https:\/\/www.fussball.de\/mannschaft\/werschauer-sv-werschauer-sv-hessen\/-\/saison\/2526\/team-id\/011MIB1KM8000000VTVG0001VTR8C1K7\">Werschauer SV<\/a><\/td><\/tr><tr><td>So, 31.08.25 |&nbsp;13:00<\/td><td>Herren | Kreisliga C<\/td><td><\/td><\/tr><tr><td><\/td><td><img src=\"blob:https:\/\/www.scennerich.de\/5bdabc1e-806d-43dc-a67d-adf8751adb57\"><\/td><td><img src=\"blob:https:\/\/www.scennerich.de\/2d83a496-2dcc-4234-8c68-0ebdfef137c3\"><\/td><\/tr><tr><td><a href=\"https:\/\/www.fussball.de\/mannschaft\/fsg-bad-camberg-dombach-ii-sv-bad-camberg-hessen\/-\/saison\/2526\/team-id\/011MIB656S000000VTVG0001VTR8C1K7\">FSG Bad Camberg\/\u200bDombach II<\/a><\/td><td><a href=\"https:\/\/www.fussball.de\/mannschaft\/sc-ennerich-sc-ennerich-hessen\/-\/saison\/2526\/team-id\/011MIDPREC000000VTVG0001VTR8C1K7\">SC Ennerich<\/a><\/td><\/tr><tr><td>Do, 11.09.25 |&nbsp;19:30<\/td><td>Herren | Kreisliga C<\/td><td><\/td><\/tr><tr><td><\/td><td><img src=\"blob:https:\/\/www.scennerich.de\/808a85eb-04d7-4a50-b7f9-aa8ff7e92756\"><\/td><td><img src=\"blob:https:\/\/www.scennerich.de\/8b7bf997-120f-47bb-bb71-cc1aa04e1f2f\"><\/td><\/tr><tr><td><a href=\"https:\/\/www.fussball.de\/mannschaft\/sg-hangenmeilingen-niederzeuzheim-tsg-niederzeuzheim-hessen\/-\/saison\/2526\/team-id\/011MIA5IPS000000VTVG0001VTR8C1K7\">SG Hangenmeilingen\/\u200bNiederzeuzheim<\/a><\/td><td><a href=\"https:\/\/www.fussball.de\/mannschaft\/sc-ennerich-sc-ennerich-hessen\/-\/saison\/2526\/team-id\/011MIDPREC000000VTVG0001VTR8C1K7\">SC Ennerich<\/a><\/td><\/tr><tr><td>So, 21.09.25 |&nbsp;15:00<\/td><td>Herren | Kreisliga C<\/td><td><\/td><\/tr><tr><td><\/td><td><img src=\"blob:https:\/\/www.scennerich.de\/0ca1dec7-3568-4015-a711-aedeeff4f8e2\"><\/td><td><img src=\"blob:https:\/\/www.scennerich.de\/cec792e6-13f0-49f2-bd88-1125481975d7\"><\/td><\/tr><tr><td><a href=\"https:\/\/www.fussball.de\/mannschaft\/sc-ennerich-sc-ennerich-hessen\/-\/saison\/2526\/team-id\/011MIDPREC000000VTVG0001VTR8C1K7\">SC Ennerich<\/a><\/td><td><a href=\"https:\/\/www.fussball.de\/mannschaft\/tus-waldhausen-tus-waldhausen-hessen\/-\/saison\/2526\/team-id\/02TAG19TFG000000VS5489BRVTHNGU03\">TUS Waldhausen<\/a><\/td><\/tr><tr><td>Di, 23.09.25 |&nbsp;19:30<\/td><td>Herren | Kreisliga C<\/td><td><\/td><\/tr><tr><td><\/td><td><img src=\"blob:https:\/\/www.scennerich.de\/c4b4881b-799e-456a-b0a7-0603b0b9408a\"><\/td><td><img src=\"blob:https:\/\/www.scennerich.de\/2853cdbe-b3c9-4cc4-b95a-7f4fc2a89964\"><\/td><\/tr><tr><td><a href=\"https:\/\/www.fussball.de\/mannschaft\/tus-linter-ii-tus-linter-hessen\/-\/saison\/2526\/team-id\/011MIBB0GS000000VTVG0001VTR8C1K7\">TuS Linter II<\/a><\/td><td><a href=\"https:\/\/www.fussball.de\/mannschaft\/sc-ennerich-sc-ennerich-hessen\/-\/saison\/2526\/team-id\/011MIDPREC000000VTVG0001VTR8C1K7\">SC Ennerich<\/a><\/td><\/tr><tr><td>So, 05.10.25 |&nbsp;15:00<\/td><td>Herren | Kreisliga C<\/td><td><\/td><\/tr><tr><td><\/td><td><img src=\"blob:https:\/\/www.scennerich.de\/d29604f3-948d-4e45-932e-e49dc0c79c6e\"><\/td><td><img src=\"blob:https:\/\/www.scennerich.de\/48eb44e7-c92f-437e-b42d-54a4a9462d23\"><\/td><\/tr><tr><td><a href=\"https:\/\/www.fussball.de\/mannschaft\/vfr-19-limburg-vfr-19-limburg-hessen\/-\/saison\/2526\/team-id\/011MIABULC000000VTVG0001VTR8C1K7\">VFR 19 Limburg<\/a><\/td><td><a href=\"https:\/\/www.fussball.de\/mannschaft\/sc-ennerich-sc-ennerich-hessen\/-\/saison\/2526\/team-id\/011MIDPREC000000VTVG0001VTR8C1K7\">SC Ennerich<\/a><\/td><\/tr><tr><td>So, 12.10.25 |&nbsp;15:00<\/td><td>Herren | Kreisliga C<\/td><td><\/td><\/tr><tr><td><\/td><td><img src=\"blob:https:\/\/www.scennerich.de\/c0dc23f2-82e8-46a6-88cf-ded6fef096b8\"><\/td><td><img src=\"blob:https:\/\/www.scennerich.de\/9d52b7ed-7537-41db-8227-236faf1d16b7\"><\/td><\/tr><tr><td><a href=\"https:\/\/www.fussball.de\/mannschaft\/fsg-runkel-schadeck-tv-schadeck-hessen\/-\/saison\/2526\/team-id\/011MIBHFPG000000VTVG0001VTR8C1K7\">FSG Runkel\/\u200bSchadeck<\/a><\/td><td><a href=\"https:\/\/www.fussball.de\/mannschaft\/sc-ennerich-sc-ennerich-hessen\/-\/saison\/2526\/team-id\/011MIDPREC000000VTVG0001VTR8C1K7\">SC Ennerich<\/a><\/td><\/tr><tr><td>Do, 23.10.25 |&nbsp;19:00<\/td><td>Herren | Kreisliga C<\/td><td><\/td><\/tr><tr><td><\/td><td><img src=\"blob:https:\/\/www.scennerich.de\/9efdb683-a734-4e10-9816-d1df8abe5d15\"><\/td><td><img src=\"blob:https:\/\/www.scennerich.de\/63952363-3036-4e7f-85e4-383466bd5b68\"><\/td><\/tr><tr><td><a href=\"https:\/\/www.fussball.de\/mannschaft\/sv-rot-weiss-hadamar-ii-sv-rw-hadamar-hessen\/-\/saison\/2526\/team-id\/011MIDPQ14000000VTVG0001VTR8C1K7\">SV Rot-Wei\u00df Hadamar II<\/a><\/td><td><a href=\"https:\/\/www.fussball.de\/mannschaft\/sc-ennerich-sc-ennerich-hessen\/-\/saison\/2526\/team-id\/011MIDPREC000000VTVG0001VTR8C1K7\">SC Ennerich<\/a><\/td><\/tr><tr><td><\/td><td><\/td><td><\/td><\/tr><tr><td>So, 02.11.25 |&nbsp;14:30<\/td><td>Herren | Kreisliga C<\/td><td><\/td><\/tr><tr><td><\/td><td><img src=\"blob:https:\/\/www.scennerich.de\/d1b019f8-33b5-48d7-9cdd-f2b507e4c1d5\"><\/td><td><img src=\"blob:https:\/\/www.scennerich.de\/8d3b03fb-f1f2-4914-a2f0-63a8a9452fc7\"><\/td><\/tr><tr><td><a href=\"https:\/\/www.fussball.de\/mannschaft\/werschauer-sv-werschauer-sv-hessen\/-\/saison\/2526\/team-id\/011MIB1KM8000000VTVG0001VTR8C1K7\">Werschauer SV<\/a><\/td><td><a href=\"https:\/\/www.fussball.de\/mannschaft\/sc-ennerich-sc-ennerich-hessen\/-\/saison\/2526\/team-id\/011MIDPREC000000VTVG0001VTR8C1K7\">SC Ennerich<\/a><\/td><\/tr><tr><td>So, 15.03.26 |&nbsp;15:00<\/td><td>Herren | Kreisliga C<\/td><td><\/td><\/tr><tr><td><\/td><td><img src=\"blob:https:\/\/www.scennerich.de\/db719a69-8a6e-4723-b601-01c6e0b8496b\"><\/td><td><img src=\"blob:https:\/\/www.scennerich.de\/2e21e1eb-08c8-466b-a507-9ccd3b03dcf9\"><\/td><\/tr><tr><td><a href=\"https:\/\/www.fussball.de\/mannschaft\/sc-ennerich-sc-ennerich-hessen\/-\/saison\/2526\/team-id\/011MIDPREC000000VTVG0001VTR8C1K7\">SC Ennerich<\/a><\/td><td><a href=\"https:\/\/www.fussball.de\/mannschaft\/fsg-bad-camberg-dombach-ii-sv-bad-camberg-hessen\/-\/saison\/2526\/team-id\/011MIB656S000000VTVG0001VTR8C1K7\">FSG Bad Camberg\/\u200bDombach II<\/a><\/td><\/tr><tr><td>So, 22.03.26 |&nbsp;<\/td><td>Herren | Kreisliga C<\/td><td><\/td><\/tr><tr><td><\/td><td><img src=\"blob:https:\/\/www.scennerich.de\/dcb35d54-0f3d-471b-8288-c103c83a87aa\"><\/td><td>SPIELFREI<\/td><\/tr><tr><td><a href=\"https:\/\/www.fussball.de\/mannschaft\/sc-ennerich-sc-ennerich-hessen\/-\/saison\/2526\/team-id\/011MIDPREC000000VTVG0001VTR8C1K7\">SC Ennerich<\/a><\/td><\/tr><tr><td>Do, 26.03.26 |&nbsp;19:30<\/td><td>Herren | Kreisliga C<\/td><td><\/td><\/tr><tr><td><\/td><td><img src=\"blob:https:\/\/www.scennerich.de\/efaf31e1-3592-4a91-8d3a-e0d3aea919cf\"><\/td><td><img src=\"blob:https:\/\/www.scennerich.de\/c5505315-2b06-4ccc-ad67-5c2cd0268818\"><\/td><\/tr><tr><td><a href=\"https:\/\/www.fussball.de\/mannschaft\/sc-ennerich-sc-ennerich-hessen\/-\/saison\/2526\/team-id\/011MIDPREC000000VTVG0001VTR8C1K7\">SC Ennerich<\/a><\/td><td><a href=\"https:\/\/www.fussball.de\/mannschaft\/tus-frickhofen-ii-tus-frickhofen-hessen\/-\/saison\/2526\/team-id\/011MIA9L4O000000VTVG0001VTR8C1K7\">TuS Frickhofen II<\/a><\/td><\/tr><tr><td>So, 29.03.26 |&nbsp;15:00<\/td><td>Herren | Kreisliga C<\/td><td><\/td><\/tr><tr><td><\/td><td><img src=\"blob:https:\/\/www.scennerich.de\/79f06f22-78c7-4601-abf5-3fc79e539086\"><\/td><td><img src=\"blob:https:\/\/www.scennerich.de\/db01734a-683c-48a0-8788-21c560038d77\"><\/td><\/tr><tr><td><a href=\"https:\/\/www.fussball.de\/mannschaft\/sc-ennerich-sc-ennerich-hessen\/-\/saison\/2526\/team-id\/011MIDPREC000000VTVG0001VTR8C1K7\">SC Ennerich<\/a><\/td><td><a href=\"https:\/\/www.fussball.de\/mannschaft\/sg-hangenmeilingen-niederzeuzheim-tsg-niederzeuzheim-hessen\/-\/saison\/2526\/team-id\/011MIA5IPS000000VTVG0001VTR8C1K7\">SG Hangenmeilingen\/\u200bNiederzeuzheim<\/a><\/td><\/tr><tr><td>So, 12.04.26 |&nbsp;15:00<\/td><td>Herren | Kreisliga C<\/td><td><\/td><\/tr><tr><td><\/td><td><img src=\"blob:https:\/\/www.scennerich.de\/4beb3352-06ec-4486-acec-3b264f2d447e\"><\/td><td><img src=\"blob:https:\/\/www.scennerich.de\/8e5e9e10-cfec-4f87-90cc-a7cd5161ca76\"><\/td><\/tr><tr><td><a href=\"https:\/\/www.fussball.de\/mannschaft\/tus-waldhausen-tus-waldhausen-hessen\/-\/saison\/2526\/team-id\/02TAG19TFG000000VS5489BRVTHNGU03\">TUS Waldhausen<\/a><\/td><td><a href=\"https:\/\/www.fussball.de\/mannschaft\/sc-ennerich-sc-ennerich-hessen\/-\/saison\/2526\/team-id\/011MIDPREC000000VTVG0001VTR8C1K7\">SC Ennerich<\/a><\/td><\/tr><tr><td>So, 19.04.26 |&nbsp;15:30<\/td><td>Herren | Kreisliga C<\/td><td><\/td><\/tr><tr><td><\/td><td><img src=\"blob:https:\/\/www.scennerich.de\/be07223c-4b15-4760-8ef9-5df0df400276\"><\/td><td><img src=\"blob:https:\/\/www.scennerich.de\/a310ba63-6aad-415e-8a8a-61efc8207d23\"><\/td><\/tr><tr><td><a href=\"https:\/\/www.fussball.de\/mannschaft\/sc-ennerich-sc-ennerich-hessen\/-\/saison\/2526\/team-id\/011MIDPREC000000VTVG0001VTR8C1K7\">SC Ennerich<\/a><\/td><td><a href=\"https:\/\/www.fussball.de\/mannschaft\/tus-linter-ii-tus-linter-hessen\/-\/saison\/2526\/team-id\/011MIBB0GS000000VTVG0001VTR8C1K7\">TuS Linter II<\/a><\/td><\/tr><tr><td>So, 26.04.26 |&nbsp;15:00<\/td><td>Herren | Kreisliga C<\/td><td><\/td><\/tr><tr><td><\/td><td><img src=\"blob:https:\/\/www.scennerich.de\/038d8704-2976-408a-bc88-e2fa9b01590d\"><\/td><td><img src=\"blob:https:\/\/www.scennerich.de\/d2c24a87-4337-4e16-bc85-b9c9cbeba86a\"><\/td><\/tr><tr><td><a href=\"https:\/\/www.fussball.de\/mannschaft\/sc-ennerich-sc-ennerich-hessen\/-\/saison\/2526\/team-id\/011MIDPREC000000VTVG0001VTR8C1K7\">SC Ennerich<\/a><\/td><td><a href=\"https:\/\/www.fussball.de\/mannschaft\/vfr-19-limburg-vfr-19-limburg-hessen\/-\/saison\/2526\/team-id\/011MIABULC000000VTVG0001VTR8C1K7\">VFR 19 Limburg<\/a><\/td><\/tr><tr><td>So, 03.05.26 |&nbsp;15:00<\/td><td>Herren | Kreisliga C<\/td><td><\/td><\/tr><tr><td><\/td><td><img src=\"blob:https:\/\/www.scennerich.de\/b68c1e8a-6104-46b0-b1fb-a80e07848592\"><\/td><td><img src=\"blob:https:\/\/www.scennerich.de\/0a8ad71c-4445-4ed4-8795-f433637ffa6d\"><\/td><\/tr><tr><td><a href=\"https:\/\/www.fussball.de\/mannschaft\/sc-ennerich-sc-ennerich-hessen\/-\/saison\/2526\/team-id\/011MIDPREC000000VTVG0001VTR8C1K7\">SC Ennerich<\/a><\/td><td><a href=\"https:\/\/www.fussball.de\/mannschaft\/fsg-runkel-schadeck-tv-schadeck-hessen\/-\/saison\/2526\/team-id\/011MIBHFPG000000VTVG0001VTR8C1K7\">FSG Runkel\/\u200bSchadeck<\/a><\/td><\/tr><tr><td>So, 10.05.26 |&nbsp;<\/td><td>Herren | Kreisliga C<\/td><td><\/td><\/tr><tr><td><\/td><td><\/td><td><\/td><\/tr><tr><td>So, 10.05.26 |&nbsp;<\/td><td>Herren | Kreisliga C<\/td><td><\/td><\/tr><tr><td><\/td><td><img src=\"blob:https:\/\/www.scennerich.de\/42ac1cd2-dde2-4145-9d36-b873573fb910\"><\/td><td>SPIELFREI<\/td><\/tr><tr><td><a href=\"https:\/\/www.fussball.de\/mannschaft\/sc-ennerich-sc-ennerich-hessen\/-\/saison\/2526\/team-id\/011MIDPREC000000VTVG0001VTR8C1K7\">SC Ennerich<\/a><\/td><\/tr><tr><td>Fr, 15.05.26 |&nbsp;19:00<\/td><td>Herren | Kreisliga C<\/td><td><\/td><\/tr><tr><td><\/td><td><img src=\"blob:https:\/\/www.scennerich.de\/eef26373-436f-475f-8561-754ea68b7ae4\"><\/td><td><img src=\"blob:https:\/\/www.scennerich.de\/d122adc0-d5e7-4e0e-be46-55667f783977\"><\/td><\/tr><tr><td><a href=\"https:\/\/www.fussball.de\/mannschaft\/sc-ennerich-sc-ennerich-hessen\/-\/saison\/2526\/team-id\/011MIDPREC000000VTVG0001VTR8C1K7\">SC Ennerich<\/a><\/td><td><a href=\"https:\/\/www.fussball.de\/mannschaft\/sv-rot-weiss-hadamar-ii-sv-rw-hadamar-hessen\/-\/saison\/2526\/team-id\/011MIDPQ14000000VTVG0001VTR8C1K7\">SV Rot-Wei\u00df Hadamar II<\/a><\/td><\/tr><tr><td>Do, 21.05.26 |&nbsp;19:30<\/td><td>Herren | Kreisliga C<\/td><td><\/td><\/tr><tr><td><\/td><td><img src=\"blob:https:\/\/www.scennerich.de\/381635bd-fa94-4189-8421-50b3a74debec\"><\/td><td><img src=\"blob:https:\/\/www.scennerich.de\/4797a8f0-83e1-485a-b178-948c04c6edc3\"><\/td><\/tr><tr><td><a href=\"https:\/\/www.fussball.de\/mannschaft\/sc-ennerich-sc-ennerich-hessen\/-\/saison\/2526\/team-id\/011MIDPREC000000VTVG0001VTR8C1K7\">SC Ennerich<\/a><\/td><td><a href=\"https:\/\/www.fussball.de\/mannschaft\/sv-wolfenhausen-sv-wolfenhausen-hessen\/-\/saison\/2526\/team-id\/011MIA9HUG000000VTVG0001VTR8C1K7\">SV Wolfenhausen<\/a><\/td><\/tr><tr><td>So, 31.05.26 |&nbsp;15:00<\/td><td>Herren | Kreisliga C<\/td><td><\/td><\/tr><tr><td><\/td><td><img src=\"blob:https:\/\/www.scennerich.de\/3d977ead-db4f-46c8-8efc-fa6e79950654\"><\/td><td><img src=\"blob:https:\/\/www.scennerich.de\/ba44ee0f-0957-4095-96a9-ba2e98933cd4\"><\/td><\/tr><tr><td><a href=\"https:\/\/www.fussball.de\/mannschaft\/tsv-steeden-jahn-steeden-hessen\/-\/saison\/2526\/team-id\/011MIEN0SC000000VTVG0001VTR8C1K7\">TSV Steeden<\/a><\/td><td><a href=\"https:\/\/www.fussball.de\/mannschaft\/sc-ennerich-sc-ennerich-hessen\/-\/saison\/2526\/team-id\/011MIDPREC000000VTVG0001VTR8C1K7\">SC Ennerich<\/a><\/td><\/tr><\/tbody><\/table><\/figure>\n\n\n\n<figure class=\"wp-block-image size-full\"><a href=\"https:\/\/www.scennerich.de\/wp-content\/uploads\/image-1.png\"><img loading=\"lazy\" width=\"889\" height=\"741\" src=\"https:\/\/www.scennerich.de\/wp-content\/uploads\/image-1.png\" alt=\"\" class=\"wp-image-6913\" srcset=\"https:\/\/www.scennerich.de\/wp-content\/uploads\/image-1.png 889w, https:\/\/www.scennerich.de\/wp-content\/uploads\/image-1-300x250.png 300w, https:\/\/www.scennerich.de\/wp-content\/uploads\/image-1-768x640.png 768w\" sizes=\"(max-width: 889px) 100vw, 889px\" \/><\/a><\/figure>\n\n\n\n<p><\/p>\n","protected":false},"excerpt":{"rendered":"<p>Wir freuen uns darauf euch bei Heim- und Ausw\u00e4rtsspielen zu begr\u00fc\u00dfen So, 10.08.25 |&nbsp;15:00 Herren | Kreisliga C SC Ennerich TSV Steeden So, 17.08.25 |&nbsp;13:00<\/p>\n","protected":false},"author":22,"featured_media":0,"comment_status":"closed","ping_status":"closed","sticky":false,"template":"","format":"standard","meta":[],"categories":[1],"tags":[],"_links":{"self":[{"href":"https:\/\/www.scennerich.de\/index.php?rest_route=\/wp\/v2\/posts\/6912"}],"collection":[{"href":"https:\/\/www.scennerich.de\/index.php?rest_route=\/wp\/v2\/posts"}],"about":[{"href":"https:\/\/www.scennerich.de\/index.php?rest_route=\/wp\/v2\/types\/post"}],"author":[{"embeddable":true,"href":"https:\/\/www.scennerich.de\/index.php?rest_route=\/wp\/v2\/users\/22"}],"replies":[{"embeddable":true,"href":"https:\/\/www.scennerich.de\/index.php?rest_route=%2Fwp%2Fv2%2Fcomments&post=6912"}],"version-history":[{"count":2,"href":"https:\/\/www.scennerich.de\/index.php?rest_route=\/wp\/v2\/posts\/6912\/revisions"}],"predecessor-version":[{"id":6933,"href":"https:\/\/www.scennerich.de\/index.php?rest_route=\/wp\/v2\/posts\/6912\/revisions\/6933"}],"wp:attachment":[{"href":"https:\/\/www.scennerich.de\/index.php?rest_route=%2Fwp%2Fv2%2Fmedia&parent=6912"}],"wp:term":[{"taxonomy":"category","embeddable":true,"href":"https:\/\/www.scennerich.de\/index.php?rest_route=%2Fwp%2Fv2%2Fcategories&post=6912"},{"taxonomy":"post_tag","embeddable":true,"href":"https:\/\/www.scennerich.de\/index.php?rest_route=%2Fwp%2Fv2%2Ftags&post=6912"}],"curies":[{"name":"wp","href":"https:\/\/api.w.org\/{rel}","templated":true}]}}